{"id":3673,"date":"2022-09-22T08:27:56","date_gmt":"2022-09-22T06:27:56","guid":{"rendered":"https:\/\/peugeotvintage.com\/?p=3673"},"modified":"2022-12-18T08:39:45","modified_gmt":"2022-12-18T07:39:45","slug":"presidentieel-vervoer-in-een-peugeot","status":"publish","type":"post","link":"https:\/\/peugeotvintage.com\/nl\/pacenotes\/2022\/09\/22\/presidentieel-vervoer-in-een-peugeot\/","title":{"rendered":"Presidentieel vervoer in een Peugeot"},"content":{"rendered":"\n<p>Vertegenwoordiging, communicatie, bescherming\u2026 de auto van de president is veel meer dan alleen een auto! Peugeot is al meer dan een halve eeuw lang leverancier voor het Elys\u00e9e, van de Peugeot 604 voor Val\u00e9ry Giscard d\u2019Estaign tot de Peugeot 5008 voor Emmanuel Macron. Een kort overzicht van de historie van presidenti\u00eble Peugeots\u2026<\/p>\n\n\n\n<p>We kijken eerst even naar de recente geschiedenis. Emmanuel Macron kwam als net gekozen president met een Peugeot 5008 aan bij zijn ceremonie op 14 juli 2017. Hij hield de auto tijdens de eerste vijf jaar presidentschap. Waarschijnlijk is de Peugeot 5008 daarmee de meest gefilmde en gefotografeerde auto van de afgelopen vijf jaar. Toch is het niet de auto waar we het meest van weten. Om begrijpelijke veiligheidsredenen zijn de specificaties van de auto namelijk niet volledig bekend. Wat we wel weten is dat de presidenti\u00eble auto net als alle andere Peugeot 5008\u2019s is geproduceerd in de fabriek in Rennes. Daarna werd de auto toevertrouwd aan Centigon, een gespecialiseerd bedrijf in Bretagne dat de bepantsering uitvoerde. Voor de rest is er alleen offici\u00eble informatie over de stoelindeling. Achterin staan namelijk twee stoelen in plaats van een achterbank en ook is er een speciale middenconsole. Verder is te zien dat de grille is voorzien van zwaailichten en dat er een presidenti\u00eble badge op de carrosserie zit. De rest is topgeheim!<\/p>\n\n\n\n<figure class=\"wp-block-image size-large\"><img decoding=\"async\" src=\"https:\/\/peugeotvintage.com\/wp-content\/uploads\/2022\/12\/5008_01-1024x683.jpg\" alt=\"\" class=\"wp-image-3675\"\/><\/figure>\n\n\n\n<p><\/p>\n\n\n\n<p><\/p>\n\n\n\n<p><strong>De pionier: de Peugeot Type 156 van Alexandre Millerand<\/strong><\/p>\n\n\n\n<p>De \u2018prehistorie\u2019 van PEUGEOT en de Franse Republiek begint in de jaren \u201920. Alexandre Millerand wordt op 23 september 1920 gekozen als derde president van de Republiek en rijdt vanaf 1921 met een gloednieuwe Peugeot Type 156. De Type 156 is het eerste model dat in Sochaux werd geproduceerd en was destijds het topmodel van het merk. De auto heeft een indrukwekkende 6-cilinder-in-lijn motor, met een inhoud van 5.954 cc en een vermogen van\u2026 25 pk.<\/p>\n\n\n\n<p><\/p>\n\n\n\n<figure class=\"wp-block-image size-large\"><img decoding=\"async\" src=\"https:\/\/peugeotvintage.com\/wp-content\/uploads\/2022\/12\/156-836x1024.jpg\" alt=\"\" class=\"wp-image-3677\"\/><\/figure>\n\n\n\n<p><\/p>\n\n\n\n<p><\/p>\n\n\n\n<p><strong>De Peugeot 604 van Val\u00e9ry Giscard d\u2019Estaign<\/strong><\/p>\n\n\n\n<p>Meer dan een halve eeuw later wordt een liefhebber van rijden, auto\u2019s en Peugeot als president gekozen. Val\u00e9ry Giscard d\u2019Estaign brengt Peugeot in 1975 naar het Elys\u00e9e Palace. Dat is het jaar dat de Peugeot 604 wordt ge\u00efntroduceerd als het nieuwe vlaggenschip van het merk. Het nieuw gekozen staatshoofd zorgt ook voor een frisse wind: op verzoek zijn de presidenti\u00eble auto\u2019s niet langer zwart, maar mosgroen.<\/p>\n\n\n\n<p>In de presidenti\u00eble termijn van zeven jaar worden vier Peugeot 604\u2019s besteld. Drie daarvan zijn productiemodellen, de topuitvoering SL met onder de motorkap de 2,6-liter V6 met 136 pk. De president kroop in de 604 ook graag zelf achter het stuur. Naast deze auto\u2019s was een PEUGEOT 604 Presidential Limousine gereserveerd voor ceremoni\u00eble gelegenheden. Die is destijds gebouwd in samenwerking met carrosseriebouwer Heuliez, heeft een 62 centimeter verlengde wielbasis en is voorzien van extra luxe stoelen achterin en een dak dat is bekleed met zwart imitatieleder.<\/p>\n\n\n\n<p>Het Elys\u00e9e gaf echter geen goedkeuring aan het Peugeot 604 Landaulet-project, waarvan het dak aan de achterkant open kon. Die auto werd voorgesteld door carrosseriebouwer Chapron. Het ene exemplaar dat in 1979 is gebouwd ging uiteindelijk naar de president van Nigeria.<\/p>\n\n\n\n<p><\/p>\n\n\n\n<figure class=\"wp-block-image size-large\"><img decoding=\"async\" src=\"https:\/\/peugeotvintage.com\/wp-content\/uploads\/2022\/12\/Foto-604-1024x742.jpg\" alt=\"\" class=\"wp-image-3679\"\/><\/figure>\n\n\n\n<p><\/p>\n\n\n\n<p><\/p>\n\n\n\n<p><strong>De gepantserde Peugeot 605 limousine van Fran\u00e7ois Mitterand<\/strong><\/p>\n\n\n\n<p>In 1991 kreeg het Elys\u00e9e Palace beschikking over een Peugeot 605, die door het Bretonse bedrijf Labb\u00e9 was verlengd en gepantserd. Labb\u00e9 is het bedrijf dat later Centigon werd, het bedrijf dat de presidenti\u00eble Peugeot 5008 verzorgde. De 605 was voorzien van een 170 pk sterke V6, sterke bepantsering en ramen van kogelbestendig glas en polycarbonaatcomposiet. In cijfers: de auto weegt 2.500 kg, dat is 1.000 kg meer dan de standaard 605 V6! Deze limousine werd voornamelijk gebruikt door staatshoofden van andere landen die in Frankrijk verbleven, zoals Mikhail Gorbachev, Hosni Mubarak en Paus John Paul II.<\/p>\n\n\n\n<p><strong>De Peugeot -modellen van Chirac<\/strong><\/p>\n\n\n\n<p>Tijdens zijn twaalf jaar in het Elys\u00e9e Palace maakte Jacques Chirac regelmatig gebruik van de Peugeot 607\u2019s uit het presidenti\u00eble wagenpark. Maar de Peugeot die destijds ongetwijfeld de meeste indruk maakte op de Fransen is de rode Peugeot 205 SR uit 1984, waar de vrouw van de president zelf mee reed over de wegen van Corr\u00e8ze\u2026<\/p>\n\n\n\n<p><strong>De Peugeot 607 Paladine van Nicolas Sarkozy<\/strong><\/p>\n\n\n\n<p>De Peugeot 607 Paladine is misschien wel de meest spectaculaire presidenti\u00eble auto van de Republiek, met toch de kortste periode van gebruik. In 2007 ging het team van Nicolas Sarkozy voor de inauguratie op de Champs Elys\u00e9es op zoek naar een auto die vernieuwing en moderniteit symboliseerde. Een van de teamleden oppert de Peugeot 607 Paladine conceptcar, die op de Geneva Motor Show van 2000 werd onthuld. Deze spectaculaire 607 is door carrosseriebouwer Heuliez geproduceerd voor Peugeot. De auto mat in de lengte meer dan vijf meter en werd omgebouwd tot een landaulet met een te openen glazen dak boven de stoelen achterin. Het luxueuze interieur viel op door blauwe en cr\u00e8mekleurige lederen bekleding van Herm\u00e8s, een bar, twee elektrisch verstelbare fauteuils voor de vooraanstaande inzittenden en een klapstoeltje dat tegen de rijrichting in was geplaatst voor een eventuele extra passagier.<\/p>\n\n\n\n<p><\/p>\n\n\n\n<figure class=\"wp-block-image size-large\"><img decoding=\"async\" src=\"https:\/\/peugeotvintage.com\/wp-content\/uploads\/2022\/12\/Foto-607-1024x695.jpg\" alt=\"\" class=\"wp-image-3681\"\/><\/figure>\n\n\n\n<p><\/p>\n\n\n\n<p><\/p>\n\n\n\n<p>Op verzoek van het team van Nicolas Sarkozy werd de Peugeot 607 Paladine uit het Peugeot Museum gehaald en op 16 mei 2007 werden Frankrijk en de rest van de wereld verrast door de aanblik van de 607 Paladine op de Champs Elys\u00e9es. Ondanks de vele veranderingen aan de auto was hij nog net zo elegant als de standaard Peugeot 607. De installatie van het dakmechanisme zorgde er echter wel voor dat de benzinetank veel kleiner moest worden: daar ging nog maar zes liter in. Wat geen probleem was voor de conceptcar, werd een grote uitdaging nu de auto regelmatig gebruikt zou gaan worden. De auto was best zwaar en de V6 lustte ook wel een slokje. Daarom werd uiteindelijk toch besloten om de Peugeot 607 Paladine na de inauguratie niet meer te gebruiken.<\/p>\n\n\n\n<p><strong>Presidenti\u00eble vragen<\/strong><\/p>\n\n\n\n<p>Een of twee vlaggen? Er is een nauwkeurig protocol dat de \u2018decoratie\u2019 van de presidenti\u00eble auto bepaalt. Wanneer de president in de auto rijdt voor een offici\u00eble gelegenheid, dan wordt rechtsvoor de Franse vlag geplaatst. Dat is ook de kant waar het staatshoofd altijd in- en uitstapt. Wanneer een ander staatshoofd of een andere overheidsvertegenwoordiger uit een ander land de Franse president vergezeld, dan wordt de vlag van dat land linksvoor op de auto geplaatst. Dat is ook de kant waar het betreffende staatshoofd in- en uitstapt.<\/p>\n\n\n\n<p><\/p>\n\n\n\n<figure class=\"wp-block-image size-large\"><img decoding=\"async\" src=\"https:\/\/peugeotvintage.com\/wp-content\/uploads\/2022\/12\/Bezoek_Giscard_Finland-1024x702.jpg\" alt=\"\" class=\"wp-image-3683\"\/><\/figure>\n\n\n\n<p><\/p>\n\n\n\n<p><\/p>\n\n\n\n<p>Welk kenteken? Tot in de jaren \u201970 had het Elys\u00e9e Palace gereserveerde kentekens voor de presidenti\u00eble auto: 1PR75 tot 5PR75. Het kenteken 1PR75 is voor verschillende auto\u2019s gebruikt. Aan deze traditie kwam een einde en de presidenti\u00eble auto draagt voortaan reguliere kentekens zoals die voor alle auto\u2019s in Frankrijk worden uitgegeven door de voertuigregistratiedienst.<\/p>\n\n\n\n<p>Wat gebeurt er met de auto\u2019s na hun diensten voor de president? Daar is geen vaste regel voor. Sommige auto\u2019s worden in het wagenpark van het Elys\u00e9e gehouden, andere worden verkocht of aan musea gegeven. Zo zijn de Peugeot Type 156 van Millerand, de Peugeot 604 Limousine van Giscard d&#8217;Estaing, de Peugeot 605 limousine van Mitterand en de Peugeot 607 Paladine te bewonderen in het Mus\u00e9e de l\u2019Aventure Peugeot.<\/p>\n","protected":false},"excerpt":{"rendered":"<p>Vertegenwoordiging, communicatie, bescherming\u2026 de auto van de president is veel meer dan alleen een auto! Peugeot is al meer dan een halve eeuw lang leverancier voor het Elys\u00e9e, van de Peugeot 604 voor Val\u00e9ry Giscard d\u2019Estaign tot de Peugeot 5008 voor Emmanuel Macron. Een kort overzicht van de historie van presidenti\u00eble Peugeots\u2026 We kijken eerst&hellip;<\/p>\n","protected":false},"author":3,"featured_media":3679,"comment_status":"open","ping_status":"closed","sticky":false,"template":"","format":"standard","meta":{"footnotes":""},"categories":[290],"tags":[44],"class_list":["post-3673","post","type-post","status-publish","format-standard","has-post-thumbnail","hentry","category-pacenotes","tag-peugeot","entry","has-media"],"yoast_head":"<!-- This site is optimized with the Yoast SEO plugin v27.5 - https:\/\/yoast.com\/product\/yoast-seo-wordpress\/ -->\n<title>Presidentieel vervoer in een Peugeot - Peugeot Vintage<\/title>\n<meta name=\"robots\" content=\"index, follow, max-snippet:-1, max-image-preview:large, max-video-preview:-1\" \/>\n<link rel=\"canonical\" href=\"https:\/\/peugeotvintage.com\/nl\/pacenotes\/2022\/09\/22\/presidentieel-vervoer-in-een-peugeot\/\" \/>\n<meta property=\"og:locale\" content=\"nl_NL\" \/>\n<meta property=\"og:type\" content=\"article\" \/>\n<meta property=\"og:title\" content=\"Presidentieel vervoer in een Peugeot - Peugeot Vintage\" \/>\n<meta property=\"og:description\" content=\"Vertegenwoordiging, communicatie, bescherming\u2026 de auto van de president is veel meer dan alleen een auto! Peugeot is al meer dan een halve eeuw lang leverancier voor het Elys\u00e9e, van de Peugeot 604 voor Val\u00e9ry Giscard d\u2019Estaign tot de Peugeot 5008 voor Emmanuel Macron. Een kort overzicht van de historie van presidenti\u00eble Peugeots\u2026 We kijken eerst&hellip;\" \/>\n<meta property=\"og:url\" content=\"https:\/\/peugeotvintage.com\/nl\/pacenotes\/2022\/09\/22\/presidentieel-vervoer-in-een-peugeot\/\" \/>\n<meta property=\"og:site_name\" content=\"Peugeot Vintage\" \/>\n<meta property=\"article:publisher\" content=\"https:\/\/www.facebook.com\/peugeotvintage\" \/>\n<meta property=\"article:published_time\" content=\"2022-09-22T06:27:56+00:00\" \/>\n<meta property=\"article:modified_time\" content=\"2022-12-18T07:39:45+00:00\" \/>\n<meta property=\"og:image\" content=\"https:\/\/peugeotvintage.com\/wp-content\/uploads\/2022\/12\/Foto-604-scaled.jpg\" \/>\n\t<meta property=\"og:image:width\" content=\"2048\" \/>\n\t<meta property=\"og:image:height\" content=\"1484\" \/>\n\t<meta property=\"og:image:type\" content=\"image\/jpeg\" \/>\n<meta name=\"author\" content=\"Maarten van der Velden\" \/>\n<meta name=\"twitter:card\" content=\"summary_large_image\" \/>\n<meta name=\"twitter:label1\" content=\"Geschreven door\" \/>\n\t<meta name=\"twitter:data1\" content=\"Maarten van der Velden\" \/>\n\t<meta name=\"twitter:label2\" content=\"Geschatte leestijd\" \/>\n\t<meta name=\"twitter:data2\" content=\"7 minuten\" \/>\n<script type=\"application\/ld+json\" class=\"yoast-schema-graph\">{\"@context\":\"https:\\\/\\\/schema.org\",\"@graph\":[{\"@type\":\"Article\",\"@id\":\"https:\\\/\\\/peugeotvintage.com\\\/nl\\\/pacenotes\\\/2022\\\/09\\\/22\\\/presidentieel-vervoer-in-een-peugeot\\\/#article\",\"isPartOf\":{\"@id\":\"https:\\\/\\\/peugeotvintage.com\\\/nl\\\/pacenotes\\\/2022\\\/09\\\/22\\\/presidentieel-vervoer-in-een-peugeot\\\/\"},\"author\":{\"name\":\"Maarten van der Velden\",\"@id\":\"https:\\\/\\\/peugeotvintage.com\\\/nl\\\/#\\\/schema\\\/person\\\/b09ecb5a00198139fd05e6b5f6bdf266\"},\"headline\":\"Presidentieel vervoer in een Peugeot\",\"datePublished\":\"2022-09-22T06:27:56+00:00\",\"dateModified\":\"2022-12-18T07:39:45+00:00\",\"mainEntityOfPage\":{\"@id\":\"https:\\\/\\\/peugeotvintage.com\\\/nl\\\/pacenotes\\\/2022\\\/09\\\/22\\\/presidentieel-vervoer-in-een-peugeot\\\/\"},\"wordCount\":1165,\"commentCount\":0,\"image\":{\"@id\":\"https:\\\/\\\/peugeotvintage.com\\\/nl\\\/pacenotes\\\/2022\\\/09\\\/22\\\/presidentieel-vervoer-in-een-peugeot\\\/#primaryimage\"},\"thumbnailUrl\":\"https:\\\/\\\/peugeotvintage.com\\\/wp-content\\\/uploads\\\/2022\\\/12\\\/Foto-604-scaled.jpg\",\"keywords\":[\"peugeot\"],\"articleSection\":[\"Pacenotes\"],\"inLanguage\":\"nl-NL\",\"potentialAction\":[{\"@type\":\"CommentAction\",\"name\":\"Comment\",\"target\":[\"https:\\\/\\\/peugeotvintage.com\\\/nl\\\/pacenotes\\\/2022\\\/09\\\/22\\\/presidentieel-vervoer-in-een-peugeot\\\/#respond\"]}]},{\"@type\":\"WebPage\",\"@id\":\"https:\\\/\\\/peugeotvintage.com\\\/nl\\\/pacenotes\\\/2022\\\/09\\\/22\\\/presidentieel-vervoer-in-een-peugeot\\\/\",\"url\":\"https:\\\/\\\/peugeotvintage.com\\\/nl\\\/pacenotes\\\/2022\\\/09\\\/22\\\/presidentieel-vervoer-in-een-peugeot\\\/\",\"name\":\"Presidentieel vervoer in een Peugeot - Peugeot Vintage\",\"isPartOf\":{\"@id\":\"https:\\\/\\\/peugeotvintage.com\\\/nl\\\/#website\"},\"primaryImageOfPage\":{\"@id\":\"https:\\\/\\\/peugeotvintage.com\\\/nl\\\/pacenotes\\\/2022\\\/09\\\/22\\\/presidentieel-vervoer-in-een-peugeot\\\/#primaryimage\"},\"image\":{\"@id\":\"https:\\\/\\\/peugeotvintage.com\\\/nl\\\/pacenotes\\\/2022\\\/09\\\/22\\\/presidentieel-vervoer-in-een-peugeot\\\/#primaryimage\"},\"thumbnailUrl\":\"https:\\\/\\\/peugeotvintage.com\\\/wp-content\\\/uploads\\\/2022\\\/12\\\/Foto-604-scaled.jpg\",\"datePublished\":\"2022-09-22T06:27:56+00:00\",\"dateModified\":\"2022-12-18T07:39:45+00:00\",\"author\":{\"@id\":\"https:\\\/\\\/peugeotvintage.com\\\/nl\\\/#\\\/schema\\\/person\\\/b09ecb5a00198139fd05e6b5f6bdf266\"},\"breadcrumb\":{\"@id\":\"https:\\\/\\\/peugeotvintage.com\\\/nl\\\/pacenotes\\\/2022\\\/09\\\/22\\\/presidentieel-vervoer-in-een-peugeot\\\/#breadcrumb\"},\"inLanguage\":\"nl-NL\",\"potentialAction\":[{\"@type\":\"ReadAction\",\"target\":[\"https:\\\/\\\/peugeotvintage.com\\\/nl\\\/pacenotes\\\/2022\\\/09\\\/22\\\/presidentieel-vervoer-in-een-peugeot\\\/\"]}]},{\"@type\":\"ImageObject\",\"inLanguage\":\"nl-NL\",\"@id\":\"https:\\\/\\\/peugeotvintage.com\\\/nl\\\/pacenotes\\\/2022\\\/09\\\/22\\\/presidentieel-vervoer-in-een-peugeot\\\/#primaryimage\",\"url\":\"https:\\\/\\\/peugeotvintage.com\\\/wp-content\\\/uploads\\\/2022\\\/12\\\/Foto-604-scaled.jpg\",\"contentUrl\":\"https:\\\/\\\/peugeotvintage.com\\\/wp-content\\\/uploads\\\/2022\\\/12\\\/Foto-604-scaled.jpg\",\"width\":1920,\"height\":1391},{\"@type\":\"BreadcrumbList\",\"@id\":\"https:\\\/\\\/peugeotvintage.com\\\/nl\\\/pacenotes\\\/2022\\\/09\\\/22\\\/presidentieel-vervoer-in-een-peugeot\\\/#breadcrumb\",\"itemListElement\":[{\"@type\":\"ListItem\",\"position\":1,\"name\":\"Home\",\"item\":\"https:\\\/\\\/peugeotvintage.com\\\/nl\\\/\"},{\"@type\":\"ListItem\",\"position\":2,\"name\":\"Presidentieel vervoer in een Peugeot\"}]},{\"@type\":\"WebSite\",\"@id\":\"https:\\\/\\\/peugeotvintage.com\\\/nl\\\/#website\",\"url\":\"https:\\\/\\\/peugeotvintage.com\\\/nl\\\/\",\"name\":\"Peugeot Vintage\",\"description\":\"\",\"potentialAction\":[{\"@type\":\"SearchAction\",\"target\":{\"@type\":\"EntryPoint\",\"urlTemplate\":\"https:\\\/\\\/peugeotvintage.com\\\/nl\\\/?s={search_term_string}\"},\"query-input\":{\"@type\":\"PropertyValueSpecification\",\"valueRequired\":true,\"valueName\":\"search_term_string\"}}],\"inLanguage\":\"nl-NL\"},{\"@type\":\"Person\",\"@id\":\"https:\\\/\\\/peugeotvintage.com\\\/nl\\\/#\\\/schema\\\/person\\\/b09ecb5a00198139fd05e6b5f6bdf266\",\"name\":\"Maarten van der Velden\",\"image\":{\"@type\":\"ImageObject\",\"inLanguage\":\"nl-NL\",\"@id\":\"https:\\\/\\\/secure.gravatar.com\\\/avatar\\\/47e7791c998059ccebe330e5d791342c2f0f8506f35117546a541cd32e2a287c?s=96&d=mm&r=g\",\"url\":\"https:\\\/\\\/secure.gravatar.com\\\/avatar\\\/47e7791c998059ccebe330e5d791342c2f0f8506f35117546a541cd32e2a287c?s=96&d=mm&r=g\",\"contentUrl\":\"https:\\\/\\\/secure.gravatar.com\\\/avatar\\\/47e7791c998059ccebe330e5d791342c2f0f8506f35117546a541cd32e2a287c?s=96&d=mm&r=g\",\"caption\":\"Maarten van der Velden\"},\"sameAs\":[\"https:\\\/\\\/peugeotvintage.com\",\"@peugeotvintage\"],\"url\":\"https:\\\/\\\/peugeotvintage.com\\\/nl\\\/author\\\/maarten\\\/\"}]}<\/script>\n<!-- \/ Yoast SEO plugin. -->","yoast_head_json":{"title":"Presidentieel vervoer in een Peugeot - Peugeot Vintage","robots":{"index":"index","follow":"follow","max-snippet":"max-snippet:-1","max-image-preview":"max-image-preview:large","max-video-preview":"max-video-preview:-1"},"canonical":"https:\/\/peugeotvintage.com\/nl\/pacenotes\/2022\/09\/22\/presidentieel-vervoer-in-een-peugeot\/","og_locale":"nl_NL","og_type":"article","og_title":"Presidentieel vervoer in een Peugeot - Peugeot Vintage","og_description":"Vertegenwoordiging, communicatie, bescherming\u2026 de auto van de president is veel meer dan alleen een auto! Peugeot is al meer dan een halve eeuw lang leverancier voor het Elys\u00e9e, van de Peugeot 604 voor Val\u00e9ry Giscard d\u2019Estaign tot de Peugeot 5008 voor Emmanuel Macron. Een kort overzicht van de historie van presidenti\u00eble Peugeots\u2026 We kijken eerst&hellip;","og_url":"https:\/\/peugeotvintage.com\/nl\/pacenotes\/2022\/09\/22\/presidentieel-vervoer-in-een-peugeot\/","og_site_name":"Peugeot Vintage","article_publisher":"https:\/\/www.facebook.com\/peugeotvintage","article_published_time":"2022-09-22T06:27:56+00:00","article_modified_time":"2022-12-18T07:39:45+00:00","og_image":[{"width":2048,"height":1484,"url":"https:\/\/peugeotvintage.com\/wp-content\/uploads\/2022\/12\/Foto-604-scaled.jpg","type":"image\/jpeg"}],"author":"Maarten van der Velden","twitter_card":"summary_large_image","twitter_misc":{"Geschreven door":"Maarten van der Velden","Geschatte leestijd":"7 minuten"},"schema":{"@context":"https:\/\/schema.org","@graph":[{"@type":"Article","@id":"https:\/\/peugeotvintage.com\/nl\/pacenotes\/2022\/09\/22\/presidentieel-vervoer-in-een-peugeot\/#article","isPartOf":{"@id":"https:\/\/peugeotvintage.com\/nl\/pacenotes\/2022\/09\/22\/presidentieel-vervoer-in-een-peugeot\/"},"author":{"name":"Maarten van der Velden","@id":"https:\/\/peugeotvintage.com\/nl\/#\/schema\/person\/b09ecb5a00198139fd05e6b5f6bdf266"},"headline":"Presidentieel vervoer in een Peugeot","datePublished":"2022-09-22T06:27:56+00:00","dateModified":"2022-12-18T07:39:45+00:00","mainEntityOfPage":{"@id":"https:\/\/peugeotvintage.com\/nl\/pacenotes\/2022\/09\/22\/presidentieel-vervoer-in-een-peugeot\/"},"wordCount":1165,"commentCount":0,"image":{"@id":"https:\/\/peugeotvintage.com\/nl\/pacenotes\/2022\/09\/22\/presidentieel-vervoer-in-een-peugeot\/#primaryimage"},"thumbnailUrl":"https:\/\/peugeotvintage.com\/wp-content\/uploads\/2022\/12\/Foto-604-scaled.jpg","keywords":["peugeot"],"articleSection":["Pacenotes"],"inLanguage":"nl-NL","potentialAction":[{"@type":"CommentAction","name":"Comment","target":["https:\/\/peugeotvintage.com\/nl\/pacenotes\/2022\/09\/22\/presidentieel-vervoer-in-een-peugeot\/#respond"]}]},{"@type":"WebPage","@id":"https:\/\/peugeotvintage.com\/nl\/pacenotes\/2022\/09\/22\/presidentieel-vervoer-in-een-peugeot\/","url":"https:\/\/peugeotvintage.com\/nl\/pacenotes\/2022\/09\/22\/presidentieel-vervoer-in-een-peugeot\/","name":"Presidentieel vervoer in een Peugeot - Peugeot Vintage","isPartOf":{"@id":"https:\/\/peugeotvintage.com\/nl\/#website"},"primaryImageOfPage":{"@id":"https:\/\/peugeotvintage.com\/nl\/pacenotes\/2022\/09\/22\/presidentieel-vervoer-in-een-peugeot\/#primaryimage"},"image":{"@id":"https:\/\/peugeotvintage.com\/nl\/pacenotes\/2022\/09\/22\/presidentieel-vervoer-in-een-peugeot\/#primaryimage"},"thumbnailUrl":"https:\/\/peugeotvintage.com\/wp-content\/uploads\/2022\/12\/Foto-604-scaled.jpg","datePublished":"2022-09-22T06:27:56+00:00","dateModified":"2022-12-18T07:39:45+00:00","author":{"@id":"https:\/\/peugeotvintage.com\/nl\/#\/schema\/person\/b09ecb5a00198139fd05e6b5f6bdf266"},"breadcrumb":{"@id":"https:\/\/peugeotvintage.com\/nl\/pacenotes\/2022\/09\/22\/presidentieel-vervoer-in-een-peugeot\/#breadcrumb"},"inLanguage":"nl-NL","potentialAction":[{"@type":"ReadAction","target":["https:\/\/peugeotvintage.com\/nl\/pacenotes\/2022\/09\/22\/presidentieel-vervoer-in-een-peugeot\/"]}]},{"@type":"ImageObject","inLanguage":"nl-NL","@id":"https:\/\/peugeotvintage.com\/nl\/pacenotes\/2022\/09\/22\/presidentieel-vervoer-in-een-peugeot\/#primaryimage","url":"https:\/\/peugeotvintage.com\/wp-content\/uploads\/2022\/12\/Foto-604-scaled.jpg","contentUrl":"https:\/\/peugeotvintage.com\/wp-content\/uploads\/2022\/12\/Foto-604-scaled.jpg","width":1920,"height":1391},{"@type":"BreadcrumbList","@id":"https:\/\/peugeotvintage.com\/nl\/pacenotes\/2022\/09\/22\/presidentieel-vervoer-in-een-peugeot\/#breadcrumb","itemListElement":[{"@type":"ListItem","position":1,"name":"Home","item":"https:\/\/peugeotvintage.com\/nl\/"},{"@type":"ListItem","position":2,"name":"Presidentieel vervoer in een Peugeot"}]},{"@type":"WebSite","@id":"https:\/\/peugeotvintage.com\/nl\/#website","url":"https:\/\/peugeotvintage.com\/nl\/","name":"Peugeot Vintage","description":"","potentialAction":[{"@type":"SearchAction","target":{"@type":"EntryPoint","urlTemplate":"https:\/\/peugeotvintage.com\/nl\/?s={search_term_string}"},"query-input":{"@type":"PropertyValueSpecification","valueRequired":true,"valueName":"search_term_string"}}],"inLanguage":"nl-NL"},{"@type":"Person","@id":"https:\/\/peugeotvintage.com\/nl\/#\/schema\/person\/b09ecb5a00198139fd05e6b5f6bdf266","name":"Maarten van der Velden","image":{"@type":"ImageObject","inLanguage":"nl-NL","@id":"https:\/\/secure.gravatar.com\/avatar\/47e7791c998059ccebe330e5d791342c2f0f8506f35117546a541cd32e2a287c?s=96&d=mm&r=g","url":"https:\/\/secure.gravatar.com\/avatar\/47e7791c998059ccebe330e5d791342c2f0f8506f35117546a541cd32e2a287c?s=96&d=mm&r=g","contentUrl":"https:\/\/secure.gravatar.com\/avatar\/47e7791c998059ccebe330e5d791342c2f0f8506f35117546a541cd32e2a287c?s=96&d=mm&r=g","caption":"Maarten van der Velden"},"sameAs":["https:\/\/peugeotvintage.com","@peugeotvintage"],"url":"https:\/\/peugeotvintage.com\/nl\/author\/maarten\/"}]}},"_links":{"self":[{"href":"https:\/\/peugeotvintage.com\/nl\/wp-json\/wp\/v2\/posts\/3673","targetHints":{"allow":["GET"]}}],"collection":[{"href":"https:\/\/peugeotvintage.com\/nl\/wp-json\/wp\/v2\/posts"}],"about":[{"href":"https:\/\/peugeotvintage.com\/nl\/wp-json\/wp\/v2\/types\/post"}],"author":[{"embeddable":true,"href":"https:\/\/peugeotvintage.com\/nl\/wp-json\/wp\/v2\/users\/3"}],"replies":[{"embeddable":true,"href":"https:\/\/peugeotvintage.com\/nl\/wp-json\/wp\/v2\/comments?post=3673"}],"version-history":[{"count":0,"href":"https:\/\/peugeotvintage.com\/nl\/wp-json\/wp\/v2\/posts\/3673\/revisions"}],"wp:featuredmedia":[{"embeddable":true,"href":"https:\/\/peugeotvintage.com\/nl\/wp-json\/wp\/v2\/media\/3679"}],"wp:attachment":[{"href":"https:\/\/peugeotvintage.com\/nl\/wp-json\/wp\/v2\/media?parent=3673"}],"wp:term":[{"taxonomy":"category","embeddable":true,"href":"https:\/\/peugeotvintage.com\/nl\/wp-json\/wp\/v2\/categories?post=3673"},{"taxonomy":"post_tag","embeddable":true,"href":"https:\/\/peugeotvintage.com\/nl\/wp-json\/wp\/v2\/tags?post=3673"}],"curies":[{"name":"wp","href":"https:\/\/api.w.org\/{rel}","templated":true}]}}